{"id":1422,"date":"2021-04-14T08:59:34","date_gmt":"2021-04-14T07:59:34","guid":{"rendered":"https:\/\/qika.org\/?post_type=lexo-post&#038;p=1422"},"modified":"2021-04-14T09:59:18","modified_gmt":"2021-04-14T08:59:18","slug":"grate-duhet-te-bashkohen-kunder-nje-vale-globale-te-shtypjes","status":"publish","type":"lexo-post","link":"https:\/\/qika.org\/en\/lexo-post\/grate-duhet-te-bashkohen-kunder-nje-vale-globale-te-shtypjes\/","title":{"rendered":"Grat\u00eb duhet t\u00eb bashkohen kund\u00ebr nj\u00eb vale globale t\u00eb shtypjes"},"content":{"rendered":"\n<p>N\u00eb vjesht\u00ebn e kaluar, nj\u00eb fol\u00ebs me t\u00eb cilin ndava sken\u00ebn n\u00eb nj\u00eb festival letrar, i tha publikut se n\u00eb shoq\u00ebrit\u00eb per\u00ebndimore nuk kishte nevoj\u00eb p\u00ebr feminiz\u00ebm, duke shtuar se: \u201cAmerika nuk \u00ebsht\u00eb Afganistan\u201d.<\/p>\n\n\n\n<p>E kam d\u00ebgjuar k\u00ebt\u00eb lloj bisede m\u00eb par\u00eb. Kur isha e vendosur n\u00eb Stamboll, nj\u00eb studiuese grua q\u00eb kishte b\u00ebr\u00eb nj\u00eb vizit\u00eb nga SHBA m\u00eb tha se nuk ishte feministe, por tha se ishte e kuptueshme q\u00eb un\u00eb isha, pasi q\u00eb jetoja n\u00eb Turqi. At\u00eb \u00e7far\u00eb ajo injoronte ishte se patriarkati \u00ebsht\u00eb universal. Nuk ka dyshim se gjendja \u00ebsht\u00eb shum\u00eb m\u00eb e tmerrshme dhe d\u00ebshp\u00ebruese n\u00eb disa pjes\u00eb t\u00eb bot\u00ebs. Por kjo do t\u00eb thot\u00eb q\u00eb nd\u00ebrgjegj\u00ebsimi gjinor dhe nj\u00eb luft\u00eb p\u00ebr nj\u00eb shoq\u00ebri m\u00eb t\u00eb barabart\u00eb dhe t\u00eb drejt\u00eb \u00ebsht\u00eb e nevojshme kudo. E kjo duhet t\u00eb jet\u00eb nj\u00eb shkas p\u00ebr t\u00eb gjith\u00eb.<\/p>\n\n\n\n<p>Patriarkati i b\u00ebn grat\u00eb t\u00eb pak\u00ebnaqura. Por gjithashtu i b\u00ebn edhe burrat t\u00eb pak\u00ebnaqur &#8211; ve\u00e7an\u00ebrisht t\u00eb rinjt\u00eb, burrat pa fuqi, ose burrat q\u00eb nuk p\u00ebrputhen me p\u00ebrkufizimet ekzistuese t\u00eb burr\u00ebris\u00eb. T\u00eb jesh feminist do t\u00eb thot\u00eb t\u00eb mbrosh edhe t\u00eb drejtat e tyre.<\/p>\n\n\n\n<p>N\u00eb fillim t\u00eb viteve 2000, optimist\u00ebt na thoshin se e nes\u00ebrmja do t\u00eb jet\u00eb m\u00eb mir\u00eb se e djeshmja, dhe se fal\u00eb teknologjis\u00eb digjitale demokracia do t\u00eb p\u00ebrhapet kudo. Por tani dim\u00eb m\u00eb shum\u00eb. Kemi shum\u00eb informata, por m\u00eb pak njohuri, madje edhe m\u00eb pak men\u00e7uri. N\u00ebse vazhdojm\u00eb t\u00eb mos m\u00ebsojm\u00eb asgj\u00eb nga historia, gjeneratat mund t\u00eb p\u00ebrs\u00ebrisin gabimet e gjysh\u00ebrve t\u00eb tyre.<\/p>\n\n\n\n<p>N\u00ebse e gjith\u00eb kjo \u00ebsht\u00eb e v\u00ebrtet\u00eb, ne grat\u00eb p\u00ebrfshir\u00eb ato nga Lindja e Per\u00ebndimi, duhet t\u00eb shqet\u00ebsohemi m\u00eb shum\u00eb. P\u00ebrderisa nacionalizmi populist, izolimi politik dhe autoritarizmi jan\u00eb n\u00eb rritje, gjithashtu rritet edhe seksizmi. Njer\u00ebzit e par\u00eb q\u00eb humbin t\u00eb drejtat e tyre jan\u00eb grat\u00eb dhe minoritetet.<\/p>\n\n\n\n<p>Kur e pyet\u00ebn Viktor Orb\u00e1n (Kryeminist\u00ebr i Hungaris\u00eb) se pse nuk kishte m\u00eb shum\u00eb gra n\u00eb kabinetin e tij, ai tha se pak gra mund t\u00eb p\u00ebrballonin stresin e politik\u00ebs. Koh\u00ebt e fundit, studimet gjinore u ndaluan n\u00eb universitetet hungareze. Grat\u00eb e k\u00ebtij vendi inkurajohen t\u00eb ken\u00eb kat\u00ebr f\u00ebmij\u00eb p\u00ebrmes nj\u00eb p\u00ebrjashtimi nga tatimi mbi t\u00eb ardhurat, gjat\u00eb t\u00ebr\u00eb jet\u00ebs. Interesi i Orban p\u00ebr t\u00eb kontrolluar produktivitetin e grave \u00ebsht\u00eb i lidhur ngusht\u00eb me q\u00ebndrimin e tij kund\u00ebr imigracionit.<\/p>\n\n\n\n<p>Pastaj \u00ebsht\u00eb edhe Jair Bolsonaro n\u00eb Brazil. Nj\u00eb politikan i cili nj\u00eb her\u00eb i tha nj\u00eb kongresmenes, &#8220;Un\u00eb nuk do t\u00eb p\u00ebrdhunoj sepse jeni shum\u00eb e sh\u00ebmtuar&#8221;. Nj\u00eb baba i cili tha, &#8220;Un\u00eb kisha kat\u00ebr djem, por pastaj pata nj\u00eb moment dob\u00ebsie, dhe e pesta ishte vajz\u00eb.&#8221; Nj\u00eb baba i cili tha se do t\u00eb preferonte ta shihte djalin e tij t\u00eb vdiste n\u00eb nj\u00eb aksident automobilistik sesa ta shihte duke u takuar me nj\u00eb burr\u00eb.<\/p>\n\n\n\n<p>Pastaj \u00ebsht\u00eb grupi ultra-konservativ Hazte O\u00edr (B\u00ebni veten t\u00eb z\u00ebsh\u00ebm), n\u00eb Spanj\u00eb. Ata vizatuan Hitlerin n\u00eb &nbsp;autobus\u00eb me mbishkrimin #StopFeminazis dhe b\u00ebn gjiro me t\u00eb n\u00eb Dit\u00ebn Nd\u00ebrkomb\u00ebtare t\u00eb Grave.<\/p>\n\n\n\n<p>Zhdukja e demokracis\u00eb shpesh fillon me gjuh\u00ebn. Partia e Djatht\u00eb ekstreme Vox e Spanj\u00ebs flet p\u00ebr &#8220;xhihadizmin gjinor&#8221; ose &#8220;feminizmin supremacist&#8221;. Kjo jo vet\u00ebm q\u00eb \u00ebsht\u00eb e padrejt\u00eb, por \u00ebsht\u00eb edhe e rrezikshme. Xhihadizmi \u00ebsht\u00eb nj\u00eb k\u00ebrc\u00ebnim real. Vret njer\u00ebzit. Po k\u00ebshtu edhe supremacia e bardh\u00eb. T\u00eb injorosh k\u00ebt\u00eb dhe t\u00eb akuzosh aktivist\u00ebt e t\u00eb drejtave t\u00eb grave p\u00ebr vet\u00eb gj\u00ebrat kund\u00ebr t\u00eb cilave jan\u00eb, \u00ebsht\u00eb nj\u00eb p\u00ebrpjekje p\u00ebr t\u00eb shtremb\u00ebruar vet\u00eb t\u00eb v\u00ebrtet\u00ebn.<\/p>\n\n\n\n<p>Elif Shafak<\/p>\n\n\n\n<p>E p\u00ebrktheu:&nbsp;A. S<\/p>\n\n\n\n<p>Tekstin origjinal mund ta gjeni n\u00eb: <a href=\"https:\/\/www.standard.co.uk\/comment\/comment\/women-must-unite-against-a-global-wave-of-repression-a4379446.html\">https:\/\/www.standard.co.uk\/comment\/comment\/women-must-unite-against-a-global-wave-of-repression-a4379446.html<\/a><\/p>\n","protected":false},"featured_media":1423,"template":"","class_list":["post-1422","lexo-post","type-lexo-post","status-publish","has-post-thumbnail","hentry"],"acf":[],"yoast_head":"<!-- This site is optimized with the Yoast SEO plugin v23.5 - https:\/\/yoast.com\/wordpress\/plugins\/seo\/ -->\n<title>Grat\u00eb duhet t\u00eb bashkohen kund\u00ebr nj\u00eb vale globale t\u00eb shtypjes - QIKA<\/title>\n<meta name=\"robots\" content=\"index, follow, max-snippet:-1, max-image-preview:large, max-video-preview:-1\" \/>\n<link rel=\"canonical\" href=\"https:\/\/qika.org\/lexime\/grate-duhet-te-bashkohen-kunder-nje-vale-globale-te-shtypjes\/\" \/>\n<meta property=\"og:locale\" content=\"en_US\" \/>\n<meta property=\"og:type\" content=\"article\" \/>\n<meta property=\"og:title\" content=\"Grat\u00eb duhet t\u00eb bashkohen kund\u00ebr nj\u00eb vale globale t\u00eb shtypjes - QIKA\" \/>\n<meta property=\"og:description\" content=\"N\u00eb vjesht\u00ebn e kaluar, nj\u00eb fol\u00ebs me t\u00eb cilin ndava sken\u00ebn n\u00eb nj\u00eb festival letrar, i tha publikut se n\u00eb shoq\u00ebrit\u00eb per\u00ebndimore nuk kishte nevoj\u00eb p\u00ebr feminiz\u00ebm, duke shtuar se: \u201cAmerika nuk \u00ebsht\u00eb Afganistan\u201d. E kam d\u00ebgjuar k\u00ebt\u00eb lloj bisede m\u00eb par\u00eb. Kur isha e vendosur n\u00eb Stamboll, nj\u00eb studiuese grua q\u00eb kishte b\u00ebr\u00eb nj\u00eb [&hellip;]\" \/>\n<meta property=\"og:url\" content=\"https:\/\/qika.org\/lexime\/grate-duhet-te-bashkohen-kunder-nje-vale-globale-te-shtypjes\/\" \/>\n<meta property=\"og:site_name\" content=\"QIKA\" \/>\n<meta property=\"article:modified_time\" content=\"2021-04-14T08:59:18+00:00\" \/>\n<meta property=\"og:image\" content=\"https:\/\/qika.org\/wp-content\/uploads\/2021\/04\/6542440.jpg\" \/>\n\t<meta property=\"og:image:width\" content=\"700\" \/>\n\t<meta property=\"og:image:height\" content=\"467\" \/>\n\t<meta property=\"og:image:type\" content=\"image\/jpeg\" \/>\n<meta name=\"twitter:card\" content=\"summary_large_image\" \/>\n<meta name=\"twitter:label1\" content=\"Est. reading time\" \/>\n\t<meta name=\"twitter:data1\" content=\"3 minutes\" \/>\n<script type=\"application\/ld+json\" class=\"yoast-schema-graph\">{\"@context\":\"https:\/\/schema.org\",\"@graph\":[{\"@type\":\"WebPage\",\"@id\":\"https:\/\/qika.org\/lexime\/grate-duhet-te-bashkohen-kunder-nje-vale-globale-te-shtypjes\/\",\"url\":\"https:\/\/qika.org\/lexime\/grate-duhet-te-bashkohen-kunder-nje-vale-globale-te-shtypjes\/\",\"name\":\"Grat\u00eb duhet t\u00eb bashkohen kund\u00ebr nj\u00eb vale globale t\u00eb shtypjes - QIKA\",\"isPartOf\":{\"@id\":\"https:\/\/qika.org\/#website\"},\"primaryImageOfPage\":{\"@id\":\"https:\/\/qika.org\/lexime\/grate-duhet-te-bashkohen-kunder-nje-vale-globale-te-shtypjes\/#primaryimage\"},\"image\":{\"@id\":\"https:\/\/qika.org\/lexime\/grate-duhet-te-bashkohen-kunder-nje-vale-globale-te-shtypjes\/#primaryimage\"},\"thumbnailUrl\":\"https:\/\/qika.org\/wp-content\/uploads\/2021\/04\/6542440.jpg\",\"datePublished\":\"2021-04-14T07:59:34+00:00\",\"dateModified\":\"2021-04-14T08:59:18+00:00\",\"breadcrumb\":{\"@id\":\"https:\/\/qika.org\/lexime\/grate-duhet-te-bashkohen-kunder-nje-vale-globale-te-shtypjes\/#breadcrumb\"},\"inLanguage\":\"en-US\",\"potentialAction\":[{\"@type\":\"ReadAction\",\"target\":[\"https:\/\/qika.org\/lexime\/grate-duhet-te-bashkohen-kunder-nje-vale-globale-te-shtypjes\/\"]}]},{\"@type\":\"ImageObject\",\"inLanguage\":\"en-US\",\"@id\":\"https:\/\/qika.org\/lexime\/grate-duhet-te-bashkohen-kunder-nje-vale-globale-te-shtypjes\/#primaryimage\",\"url\":\"https:\/\/qika.org\/wp-content\/uploads\/2021\/04\/6542440.jpg\",\"contentUrl\":\"https:\/\/qika.org\/wp-content\/uploads\/2021\/04\/6542440.jpg\",\"width\":700,\"height\":467},{\"@type\":\"BreadcrumbList\",\"@id\":\"https:\/\/qika.org\/lexime\/grate-duhet-te-bashkohen-kunder-nje-vale-globale-te-shtypjes\/#breadcrumb\",\"itemListElement\":[{\"@type\":\"ListItem\",\"position\":1,\"name\":\"Home\",\"item\":\"https:\/\/qika.org\/en\/\"},{\"@type\":\"ListItem\",\"position\":2,\"name\":\"Grat\u00eb duhet t\u00eb bashkohen kund\u00ebr nj\u00eb vale globale t\u00eb shtypjes\"}]},{\"@type\":\"WebSite\",\"@id\":\"https:\/\/qika.org\/#website\",\"url\":\"https:\/\/qika.org\/\",\"name\":\"QIKA\",\"description\":\"Qendra p\u00ebr Informim, Kritik\u00eb dhe Aksion\",\"potentialAction\":[{\"@type\":\"SearchAction\",\"target\":{\"@type\":\"EntryPoint\",\"urlTemplate\":\"https:\/\/qika.org\/?s={search_term_string}\"},\"query-input\":{\"@type\":\"PropertyValueSpecification\",\"valueRequired\":true,\"valueName\":\"search_term_string\"}}],\"inLanguage\":\"en-US\"}]}<\/script>\n<!-- \/ Yoast SEO plugin. -->","yoast_head_json":{"title":"Grat\u00eb duhet t\u00eb bashkohen kund\u00ebr nj\u00eb vale globale t\u00eb shtypjes - QIKA","robots":{"index":"index","follow":"follow","max-snippet":"max-snippet:-1","max-image-preview":"max-image-preview:large","max-video-preview":"max-video-preview:-1"},"canonical":"https:\/\/qika.org\/lexime\/grate-duhet-te-bashkohen-kunder-nje-vale-globale-te-shtypjes\/","og_locale":"en_US","og_type":"article","og_title":"Grat\u00eb duhet t\u00eb bashkohen kund\u00ebr nj\u00eb vale globale t\u00eb shtypjes - QIKA","og_description":"N\u00eb vjesht\u00ebn e kaluar, nj\u00eb fol\u00ebs me t\u00eb cilin ndava sken\u00ebn n\u00eb nj\u00eb festival letrar, i tha publikut se n\u00eb shoq\u00ebrit\u00eb per\u00ebndimore nuk kishte nevoj\u00eb p\u00ebr feminiz\u00ebm, duke shtuar se: \u201cAmerika nuk \u00ebsht\u00eb Afganistan\u201d. E kam d\u00ebgjuar k\u00ebt\u00eb lloj bisede m\u00eb par\u00eb. Kur isha e vendosur n\u00eb Stamboll, nj\u00eb studiuese grua q\u00eb kishte b\u00ebr\u00eb nj\u00eb [&hellip;]","og_url":"https:\/\/qika.org\/lexime\/grate-duhet-te-bashkohen-kunder-nje-vale-globale-te-shtypjes\/","og_site_name":"QIKA","article_modified_time":"2021-04-14T08:59:18+00:00","og_image":[{"width":700,"height":467,"url":"https:\/\/qika.org\/wp-content\/uploads\/2021\/04\/6542440.jpg","type":"image\/jpeg"}],"twitter_card":"summary_large_image","twitter_misc":{"Est. reading time":"3 minutes"},"schema":{"@context":"https:\/\/schema.org","@graph":[{"@type":"WebPage","@id":"https:\/\/qika.org\/lexime\/grate-duhet-te-bashkohen-kunder-nje-vale-globale-te-shtypjes\/","url":"https:\/\/qika.org\/lexime\/grate-duhet-te-bashkohen-kunder-nje-vale-globale-te-shtypjes\/","name":"Grat\u00eb duhet t\u00eb bashkohen kund\u00ebr nj\u00eb vale globale t\u00eb shtypjes - QIKA","isPartOf":{"@id":"https:\/\/qika.org\/#website"},"primaryImageOfPage":{"@id":"https:\/\/qika.org\/lexime\/grate-duhet-te-bashkohen-kunder-nje-vale-globale-te-shtypjes\/#primaryimage"},"image":{"@id":"https:\/\/qika.org\/lexime\/grate-duhet-te-bashkohen-kunder-nje-vale-globale-te-shtypjes\/#primaryimage"},"thumbnailUrl":"https:\/\/qika.org\/wp-content\/uploads\/2021\/04\/6542440.jpg","datePublished":"2021-04-14T07:59:34+00:00","dateModified":"2021-04-14T08:59:18+00:00","breadcrumb":{"@id":"https:\/\/qika.org\/lexime\/grate-duhet-te-bashkohen-kunder-nje-vale-globale-te-shtypjes\/#breadcrumb"},"inLanguage":"en-US","potentialAction":[{"@type":"ReadAction","target":["https:\/\/qika.org\/lexime\/grate-duhet-te-bashkohen-kunder-nje-vale-globale-te-shtypjes\/"]}]},{"@type":"ImageObject","inLanguage":"en-US","@id":"https:\/\/qika.org\/lexime\/grate-duhet-te-bashkohen-kunder-nje-vale-globale-te-shtypjes\/#primaryimage","url":"https:\/\/qika.org\/wp-content\/uploads\/2021\/04\/6542440.jpg","contentUrl":"https:\/\/qika.org\/wp-content\/uploads\/2021\/04\/6542440.jpg","width":700,"height":467},{"@type":"BreadcrumbList","@id":"https:\/\/qika.org\/lexime\/grate-duhet-te-bashkohen-kunder-nje-vale-globale-te-shtypjes\/#breadcrumb","itemListElement":[{"@type":"ListItem","position":1,"name":"Home","item":"https:\/\/qika.org\/en\/"},{"@type":"ListItem","position":2,"name":"Grat\u00eb duhet t\u00eb bashkohen kund\u00ebr nj\u00eb vale globale t\u00eb shtypjes"}]},{"@type":"WebSite","@id":"https:\/\/qika.org\/#website","url":"https:\/\/qika.org\/","name":"QIKA","description":"Qendra p\u00ebr Informim, Kritik\u00eb dhe Aksion","potentialAction":[{"@type":"SearchAction","target":{"@type":"EntryPoint","urlTemplate":"https:\/\/qika.org\/?s={search_term_string}"},"query-input":{"@type":"PropertyValueSpecification","valueRequired":true,"valueName":"search_term_string"}}],"inLanguage":"en-US"}]}},"_links":{"self":[{"href":"https:\/\/qika.org\/en\/wp-json\/wp\/v2\/lexo-post\/1422","targetHints":{"allow":["GET"]}}],"collection":[{"href":"https:\/\/qika.org\/en\/wp-json\/wp\/v2\/lexo-post"}],"about":[{"href":"https:\/\/qika.org\/en\/wp-json\/wp\/v2\/types\/lexo-post"}],"wp:featuredmedia":[{"embeddable":true,"href":"https:\/\/qika.org\/en\/wp-json\/wp\/v2\/media\/1423"}],"wp:attachment":[{"href":"https:\/\/qika.org\/en\/wp-json\/wp\/v2\/media?parent=1422"}],"curies":[{"name":"wp","href":"https:\/\/api.w.org\/{rel}","templated":true}]}}