{"id":10499,"date":"2025-01-16T11:19:31","date_gmt":"2025-01-16T10:19:31","guid":{"rendered":"https:\/\/qika.org\/?post_type=thelle-post&#038;p=10499"},"modified":"2025-01-16T11:42:23","modified_gmt":"2025-01-16T10:42:23","slug":"grate-qe-po-udheheqin-luften-kunder-ndryshimeve-klimatike-ne-kosove","status":"publish","type":"thelle-post","link":"https:\/\/qika.org\/en\/thelle-post\/grate-qe-po-udheheqin-luften-kunder-ndryshimeve-klimatike-ne-kosove\/","title":{"rendered":"Grat\u00eb q\u00eb po udh\u00ebheqin luft\u00ebn kund\u00ebr ndryshimeve klimatike n\u00eb Kosov\u00eb"},"content":{"rendered":"\n<p><em>P\u00ebrball\u00eb ndikimeve t\u00eb ndryshimeve klimatike n\u00eb Kosov\u00eb, disa gra kan\u00eb dal\u00eb n\u00eb krye t\u00eb betej\u00ebs p\u00ebr nj\u00eb t\u00eb ardhme m\u00eb t\u00eb q\u00ebndrueshme dhe p\u00ebr mjedis m\u00eb t\u00eb past\u00ebr. Me pun\u00ebn e tyre n\u00eb energjin\u00eb e rip\u00ebrt\u00ebritshme, mbrojtjen e natyr\u00ebs dhe ripyll\u00ebzimin e kodrave dhe fushave, k\u00ebto gra jan\u00eb duke ndihmuar n\u00eb ndryshimin e perceptimeve duke treguar se gjithsecili mund t\u00eb b\u00ebj\u00eb nj\u00eb ndryshim t\u00eb madh. Ato jan\u00eb b\u00ebr\u00eb shembuj frym\u00ebzimi duke treguar fuqin\u00eb e p\u00ebrkushtimit dhe t\u00eb inovacionit p\u00ebr t\u00eb ndalur degradimin e mjedisit dhe p\u00ebr t\u00eb edukuar brezat e ardhsh\u00ebm.<\/em><\/p>\n\n\n\n<p>Vera e vitit 2024 do t\u00eb mbahet mend gjat\u00eb p\u00ebr dit\u00ebt e nj\u00ebpasnj\u00ebshme q\u00eb temperaturat i mbanin tek 40 e m\u00eb shum\u00eb grad\u00eb Celsius. Ngjash\u00ebm thuhej edhe p\u00ebr ver\u00ebn e vitit 2023, por mbamendja zgjati vet\u00ebm nj\u00eb vit. K\u00ebshtu vit pas viti, verat po b\u00ebhen m\u00eb t\u00eb nxehta, m\u00eb t\u00eb thata dhe m\u00eb t\u00eb rrezikshme p\u00ebr njer\u00ebzit. Megjith\u00ebse qytetar\u00ebt, disa edhe me ndihm\u00ebn e Qeveris\u00eb s\u00eb Kosov\u00ebs, kan\u00eb instaluar kondicioner\u00ebt n\u00eb sht\u00ebpit\u00eb e tyre, nj\u00eb pjes\u00eb e ekosistemit sikur flora dhe fauna mbetet n\u00eb m\u00ebshir\u00ebn e klim\u00ebs.<\/p>\n\n\n\n<p>Por, qarku se prej kujt vjen energjia elektrike q\u00eb ne flladisnim ambientet e brendshme, \u00ebsht\u00eb nj\u00eb nga shkaktar\u00ebt kryesor\u00eb p\u00ebr k\u00ebto ndryshime. Pik\u00ebrisht ndryshimet q\u00eb edhe dimrat po i b\u00ebjn\u00eb jo si dikur t\u00eb ftoht\u00eb e me bor\u00eb, por n\u00eb rastin m\u00eb t\u00eb ngjash\u00ebm me dim\u00ebr, po i b\u00ebjn\u00eb vet\u00ebm t\u00eb ftoht\u00eb dhe pa bor\u00eb.<\/p>\n\n\n\n<p>Kosova \u00ebsht\u00eb nj\u00eb nga ekonomit\u00eb m\u00eb t\u00eb varura nga burimet fosile dhe kalimi n\u00eb burime t\u00eb rip\u00ebrt\u00ebritshme t\u00eb&nbsp; energjis\u00eb \u00ebsht\u00eb i ngadalt\u00eb, ngaq\u00eb ende sipas t\u00eb dh\u00ebnave t\u00eb Zyr\u00ebs s\u00eb Rregullatorit t\u00eb Energjis\u00eb, pjesa d\u00ebrmuese e energjis\u00eb vjen nga qymyri. Kjo situat\u00eb e b\u00ebn t\u00eb domosdoshme nj\u00eb angazhim t\u00eb fort\u00eb nga t\u00eb gjith\u00eb sektor\u00ebt e shoq\u00ebris\u00eb p\u00ebr t\u00eb p\u00ebrshpejtuar kalimin n\u00eb burime energjie t\u00eb pastra dhe p\u00ebr t\u00eb mbrojtur ekosistemet q\u00eb jan\u00eb t\u00eb k\u00ebrc\u00ebnuara nga zhvillimi i paplanifikuar dhe i d\u00ebmsh\u00ebm.<\/p>\n\n\n\n<p>N\u00eb k\u00ebt\u00eb kontekst, disa gra kosovare jan\u00eb duke udh\u00ebhequr nj\u00eb revolucion her\u00eb t\u00eb heshtur e her\u00eb shum\u00eb t\u00eb v\u00ebshtir\u00eb, por t\u00eb fuqish\u00ebm, n\u00eb p\u00ebrpjekjet p\u00ebr t\u00eb zvog\u00ebluar ndikimin e ndryshimeve klimatike. Hapat e tyre sa jan\u00eb inovativ\u00eb n\u00eb pun\u00eb, jan\u00eb edhe t\u00eb guximsh\u00ebm p\u00ebr nj\u00eb t\u00eb ardhme m\u00eb t\u00eb gjelb\u00ebr dhe m\u00eb t\u00eb q\u00ebndrueshme. <a>P\u00ebrmes iniciativave q\u00eb variojn\u00eb nga instalimi i energjis\u00eb solare, mbrojtja e mjedisit dhe ripyll\u00ebzimi i kodrave dhe fushave, k\u00ebto gra jan\u00eb duke ndihmuar n\u00eb ndryshimin e perceptimeve duke treguar se gjithsecili mund t\u00eb b\u00ebj\u00eb nj\u00eb ndryshim t\u00eb madh.<\/a><\/p>\n\n\n\n<p>Nj\u00ebra prej k\u00ebtyre grave \u00ebsht\u00eb Gentiana Alija Shala, nj\u00eb grua q\u00eb ka vendosur t\u00eb sfidoj\u00eb normat e industris\u00eb dhe t\u00eb udh\u00ebheq\u00eb nj\u00eb kompani p\u00ebr dizajnimin dhe instalimin e paneleve solare n\u00eb nj\u00eb sektor q\u00eb \u00ebsht\u00eb ende mjaft i dominuar nga burrat. Ajo po e ndihmon Kosov\u00ebn n\u00eb zhvillimin e burimeve t\u00eb energjis\u00eb s\u00eb rip\u00ebrt\u00ebritshme dhe po kontribuon n\u00eb ndihm\u00ebn p\u00ebr arritjen e q\u00ebllimeve p\u00ebr uljen e ndotjes.<br>Po ashtu, Egzona Shala-Kadiu, udh\u00ebheq\u00ebse e organizat\u00ebs jo-qeveritare &#8220;Eco Z&#8221;, \u00ebsht\u00eb angazhuar n\u00eb mbrojtjen e ekosistemeve dhe parqeve nacionale t\u00eb Kosov\u00ebs, duke b\u00ebr\u00eb q\u00eb investimet kapitale t\u00eb cilat kan\u00eb efekte negative n\u00eb mjedis t\u00eb vihen n\u00eb pik\u00ebpyetje.<\/p>\n\n\n\n<p>N\u00eb an\u00ebn tjet\u00ebr, Indira Kallatozi ka nd\u00ebrtuar nj\u00eb karrier\u00eb t\u00eb fort\u00eb n\u00eb fush\u00ebn e ripyll\u00ebzimit, duke p\u00ebrdorur teknologji inovative si dron\u00ebt p\u00ebr t\u00eb hedhur toptha druri p\u00ebr t\u00eb rivendosur pyjet q\u00eb jan\u00eb d\u00ebmtuar gjat\u00eb viteve. Ajo udh\u00ebheq organizat\u00ebn &#8220;Sustainability Leadership Kosova&#8221;, nj\u00eb organizat\u00eb q\u00eb angazhon rinin\u00eb dhe bizneset p\u00ebr nj\u00eb t\u00eb ardhme m\u00eb t\u00eb past\u00ebr dhe m\u00eb t\u00eb q\u00ebndrueshme.<\/p>\n\n\n\n<p><strong>Fushatat mjedisore t\u00eb suksesshme po drejtohen nga grat\u00eb<\/strong><\/p>\n\n\n\n<p>N\u00eb 25 korrikun e 2023, kur termometri sh\u00ebnonte 45 grad\u00eb Celsius, Egzona Shala-Kadiu u gjend n\u00eb mes t\u00eb nj\u00eb turme t\u00eb shqet\u00ebsuar n\u00eb Klin\u00eb, e rrethuar nga banor\u00eb q\u00eb luftonin p\u00ebr t\u00eb mbrojtur sht\u00ebpit\u00eb dhe komunitetin e tyre nga nj\u00eb fabrik\u00eb \u00e7imentoje, q\u00eb ata do t\u2019i ndotte \u00e7do dit\u00eb edhe me zhurm\u00eb dhe me rrezik p\u00ebr burimet e ujit. Mes shum\u00eb tjer\u00ebve q\u00eb flisnin me terme shkencore, Egzona Shala Kadiu vendosi q\u00eb t\u00eb fliste me gjuh\u00ebn q\u00eb ata e kuptojn\u00eb, q\u00eb ata e ndjenj\u00eb.<\/p>\n\n\n\n<p>\u201cPse me marr\u00eb dikush prej zyr\u00ebs p\u00ebr sht\u00ebpin\u00eb time. N\u00ebse dojn\u00eb ata, le te marrin fabrik\u00ebn edhe ta \u00e7ojn\u00eb t\u00eb sht\u00ebpia e vet dhe ta provojn\u00eb n\u00ebse edhe p\u00ebr ata \u00ebsht\u00eb e mir\u00eb n\u00eb at\u00eb aspekt. Edhe tekefundit \u00e7ka ka Gjermania m\u00eb shum\u00eb se Klina\u201d, ju kishte folur ajo nj\u00eb mase t\u00eb madhe t\u00eb qytetar\u00ebve, q\u00eb realisht ishin m\u00ebrgimtar\u00eb. <\/p>\n\n\n\n<p>Egzona, e cila sot udh\u00ebheq organizat\u00ebn mjedisore Eco-Z, e p\u00ebrshkruan at\u00eb moment si nj\u00eb nga m\u00eb t\u00eb r\u00ebnd\u00ebsishmit n\u00eb karrier\u00ebn e saj si aktiviste. Por kjo nuk ishte hera e par\u00eb q\u00eb ajo kishte luftuar p\u00ebr t\u00eb mbrojtur natyr\u00ebn dhe t\u00eb drejtat e komuniteteve. Rruga e saj drejt aktivizmit filloi shum\u00eb m\u00eb her\u00ebt, duke u nd\u00ebrtuar mbi nj\u00eb lidhje t\u00eb thell\u00eb me mjedisin q\u00eb nisi q\u00eb nga f\u00ebmij\u00ebria. Ajo kujton me humor se n\u00ebna e saj ishte shtatz\u00ebn\u00eb me t\u00eb gjat\u00eb studimeve n\u00eb biologji, nd\u00ebrkaq q\u00eb b\u00ebn\u00eb shaka se ndoshta ka m\u00ebsuar p\u00ebr ekologjin\u00eb q\u00eb para se t\u00eb lindte.<\/p>\n\n\n\n<figure class=\"wp-block-image size-large\"><img loading=\"lazy\" decoding=\"async\" width=\"1024\" height=\"683\" src=\"https:\/\/qika.org\/wp-content\/uploads\/2025\/01\/Egzona_photo-1024x683.jpg\" alt=\"\" class=\"wp-image-10502\" srcset=\"https:\/\/qika.org\/wp-content\/uploads\/2025\/01\/Egzona_photo-1024x683.jpg 1024w, https:\/\/qika.org\/wp-content\/uploads\/2025\/01\/Egzona_photo-300x200.jpg 300w, https:\/\/qika.org\/wp-content\/uploads\/2025\/01\/Egzona_photo-768x512.jpg 768w, https:\/\/qika.org\/wp-content\/uploads\/2025\/01\/Egzona_photo-1536x1024.jpg 1536w, https:\/\/qika.org\/wp-content\/uploads\/2025\/01\/Egzona_photo.jpg 2048w\" sizes=\"auto, (max-width: 1024px) 100vw, 1024px\" \/><\/figure>\n\n\n\n<p><em>Foto: Egzona Shala-Kadiu<\/em><\/p>\n\n\n\n<p>N\u00eb vitet e para t\u00eb Eco-Z, sfidat ishin t\u00eb pafundme. Ishte nj\u00eb koh\u00eb kur fjala \u201cmjedis\u201d ngjallte pak interes, dhe \u201cndryshimet klimatike\u201d ting\u00ebllonin si nj\u00eb term i larg\u00ebt p\u00ebr shumic\u00ebn. Donator\u00ebt nuk e kishin si objektiv n\u00eb thirrjet e tyre, por temat mjedisore ajo me organizat\u00ebn e saj i p\u00ebrfshinin n\u00eb projekte t\u00eb kultur\u00ebs e rinis\u00eb, apo edhe tek ato t\u00eb parandalimit t\u00eb ekstremizmit dhe radikalizmit, duke tentuar q\u00eb gjithkund t\u00eb gjenin nj\u00eb vegz\u00eb.<\/p>\n\n\n\n<p>Viti 2016 krahasuar me sot, p\u00ebr Egzon\u00ebn ka shum\u00eb ndryshim n\u00eb perceptimin e tem\u00ebs s\u00eb ndryshimeve klimatike. Ajo ishte n\u00eb krye t\u00eb shum\u00eb fushatave p\u00ebr mbrojtjen e mjedisit, por q\u00eb godisnin bizneset.<\/p>\n\n\n\n<p>\u201cE kjo \u00ebsht\u00eb m\u00eb e keqja, sepse ti je kund\u00ebr nj\u00eb investitori. Kjo n\u00eb zhvillimin e Kosov\u00ebs, investitori u pa si pare p\u00ebr njer\u00ebzit, dhe natyr\u00ebn e kan\u00eb t\u00eb fundit n\u00eb mendje. Mir\u00ebpo, kur afektohen njer\u00ebzit, ndryshon situata\u201d, rr\u00ebfen ajo lidhjen me komunitetin.<\/p>\n\n\n\n<p>Nj\u00eb m\u00ebsim q\u00eb e ndihmoi shum\u00eb Egzon\u00ebn ishte r\u00ebnd\u00ebsia e qasjes s\u00eb drejtp\u00ebrdrejt\u00eb dhe sinqeritetit n\u00eb komunikim. Nj\u00eb trajnim n\u00eb Japoni nga JICA e m\u00ebsoi se m\u00ebnyra m\u00eb e mir\u00eb p\u00ebr t\u00eb fituar besimin e komunitetit ishte t\u00eb fliste me zem\u00ebr, duke d\u00ebgjuar me v\u00ebmendje shqet\u00ebsimet e tyre dhe duke ofruar zgjidhje t\u00eb arritshme. Kjo strategji i ndihmoi Eco-Z t\u00eb nd\u00ebrtoj\u00eb nj\u00eb reputacion t\u00eb fort\u00eb n\u00eb terren, duke u b\u00ebr\u00eb z\u00ebri kryesor kund\u00ebr ndotjes dhe abuzimeve mjedisore.<\/p>\n\n\n\n<p>Nj\u00eb nga luft\u00ebrat m\u00eb t\u00eb m\u00ebdha t\u00eb Eco-Z ka qen\u00eb kund\u00ebr nd\u00ebrtimit t\u00eb hidrocentraleve n\u00eb zonat e mbrojtura. Vet fakti q\u00eb ato jan\u00eb t\u00eb shpallur parqe komb\u00ebtare do t\u00eb thot\u00eb se nuk duhet t\u00eb nd\u00ebrtohet asgj\u00eb, e le m\u00eb hidrocentrale. \u201cSharr National Park, NO DAMS\u201d shkruante n\u00eb nj\u00eb faqe mali t\u00eb Brezovic\u00ebs ku Eco Z i kishin shtrir\u00eb shkronjat p\u00ebr t\u00eb alarmuar se parku nacional po preket nga abuzimi me ujin e rrjedh\u00ebs aty, por gjat\u00eb asaj kohe ata kishin marr\u00eb nj\u00eb lajm t\u00eb madh.<\/p>\n\n\n\n<p>\u201cAvokimi \u00ebsht\u00eb shum\u00eb i paparashikuesh\u00ebm. Kurr\u00eb nuk e din se kur vjen nj\u00eb zhvillim p\u00ebr t\u00eb cilin ti avokon. Ne duke i shtri shkronjat n\u00eb Brezovic\u00eb, na ka ardh lajmi q\u00eb \u00ebsht\u00eb anulu p\u00eblqimi p\u00ebr hidrocentrale\u201d, tregon ajo, teksa qeshet, por q\u00eb ngulmon se hidrocentralet jan\u00eb di\u00e7ka q\u00eb \u00ebsht\u00eb m\u00eb e keqja q\u00eb i ka ndodhur vendit ton\u00eb.<\/p>\n\n\n\n<p>Egzona paralajm\u00ebron se d\u00ebmet e shkaktuara nga k\u00ebto projekte jan\u00eb t\u00eb parikuperueshme dhe do t\u00eb ndikojn\u00eb p\u00ebr dekada me pasoja si p\u00ebrmbytjet dhe shkat\u00ebrrimi i ekosistemeve. Aktivizmi i saj ka rezultuar me fitore t\u00eb r\u00ebnd\u00ebsishme, si anulimi i lejeve n\u00eb disa zona, por ajo e di se lufta nuk ka mbaruar. S\u00eb fundi ajo dhe bashk\u00ebpun\u00ebtor\u00ebt e saj kan\u00eb dor\u00ebzuar ankes\u00eb n\u00eb Komunitetin e Energjis\u00eb n\u00eb Vjen\u00eb kund\u00ebr kat\u00ebr hidrocentraleve n\u00eb Parkun Komb\u00ebtar \u201cSharri\u201d. Kosova \u00ebsht\u00eb pjes\u00eb e k\u00ebtij Komuniteti q\u00eb nga viti 2005, nd\u00ebrsa organizatat kan\u00eb k\u00ebrkuar hetim mbi m\u00ebnyr\u00ebn e nd\u00ebrtimit dhe t\u00eb funksionimit t\u00eb k\u00ebtyre hidrocentraleve.<\/p>\n\n\n\n<p>E gjith\u00eb bota njeh Greta Thunberg, vajza suedeze q\u00eb u b\u00eb sinonim i luft\u00ebs p\u00ebr t\u00eb ndalur aktivitetet q\u00eb ndikojn\u00eb n\u00eb ndryshime klimatike. Ajo mobilizoi nj\u00eb pjes\u00eb t\u00eb madhe t\u00eb bot\u00ebs. Duke e kthyer n\u00eb kontekstin e Kosov\u00ebs, Egzona thot\u00eb se grat\u00eb jan\u00eb shtylla kryesore n\u00eb k\u00ebt\u00eb luft\u00eb, jo vet\u00ebm p\u00ebr edukimin e brezave t\u00eb rinj, por edhe p\u00ebr vendosm\u00ebrin\u00eb q\u00eb tregojn\u00eb n\u00eb terren.<\/p>\n\n\n\n<p>\u201cKomuniteti e ka nj\u00ebfar\u00eb bindje q\u00eb mundesh me punu m\u00eb shum\u00eb me gruan. Mundem me th\u00ebn\u00eb n\u00ebse nj\u00eb grua \u00ebsht\u00eb n\u00eb krye t\u00eb nj\u00eb fushat\u00eb, puna n\u00eb terren ka me qen\u00eb m\u00eb e suksesshme\u201d, thot\u00eb ajo, q\u00eb sa her\u00eb merr rrug\u00ebn p\u00ebr takim me komunitet vesh \u00e7izme e veshje terreni, \u201csepse ata t\u00eb duan sikur veten, jo me shku me ju mbajt ligj\u00ebrata koti\u201d.<\/p>\n\n\n\n<p><strong>Pyll\u00ebzimi me dron, nj\u00eb \u00ebnd\u00ebrr e realizuar me shum\u00eb pun\u00eb<\/strong><\/p>\n\n\n\n<p>Indira Kartallozi, nj\u00eb em\u00ebr q\u00eb ndoshta shum\u00eb njer\u00ebz nuk e njohin ende n\u00eb Kosov\u00eb, \u00ebsht\u00eb nj\u00eb forc\u00eb e pashtershme n\u00eb p\u00ebrpjekjet p\u00ebr t\u00eb luftuar ndryshimet klimatike dhe p\u00ebr t\u00eb rigjeneruar natyr\u00ebn n\u00eb vendlindjen e saj. Pavar\u00ebsisht se ka kaluar m\u00eb shum\u00eb se tri dekada n\u00eb Angli, ajo ka vendosur t\u00eb kthehet dhe t\u00eb kontribuoj\u00eb n\u00eb nj\u00eb kauz\u00eb q\u00eb i flet zemr\u00ebs dhe f\u00ebmij\u00ebris\u00eb s\u00eb saj: ruajtja e natyr\u00ebs dhe krijimi i nj\u00eb t\u00eb ardhmeje t\u00eb q\u00ebndrueshme p\u00ebr Kosov\u00ebn.<\/p>\n\n\n\n<p>Indira \u00ebsht\u00eb rritur n\u00eb Kapeshnic\u00eb, nj\u00eb lagje e bukur e Pej\u00ebs, ku natyra ishte pjes\u00eb e pandashme e jet\u00ebs s\u00eb saj. Teksa qeshet, tregon se si f\u00ebmij\u00eb, bashk\u00eb me v\u00ebllan\u00eb e saj, humbiste n\u00ebp\u00ebr mal duke ndjekur dhit\u00eb e fqinj\u00ebve.<\/p>\n\n\n\n<figure class=\"wp-block-image size-large\"><img loading=\"lazy\" decoding=\"async\" width=\"1024\" height=\"683\" src=\"https:\/\/qika.org\/wp-content\/uploads\/2025\/01\/Indira_photo-1024x683.jpg\" alt=\"\" class=\"wp-image-10504\" srcset=\"https:\/\/qika.org\/wp-content\/uploads\/2025\/01\/Indira_photo-1024x683.jpg 1024w, https:\/\/qika.org\/wp-content\/uploads\/2025\/01\/Indira_photo-300x200.jpg 300w, https:\/\/qika.org\/wp-content\/uploads\/2025\/01\/Indira_photo-768x512.jpg 768w, https:\/\/qika.org\/wp-content\/uploads\/2025\/01\/Indira_photo-1536x1024.jpg 1536w, https:\/\/qika.org\/wp-content\/uploads\/2025\/01\/Indira_photo.jpg 2048w\" sizes=\"auto, (max-width: 1024px) 100vw, 1024px\" \/><\/figure>\n\n\n\n<p><em>Foto: Indira Kartallozi<\/em><\/p>\n\n\n\n<p>&#8220;Prind\u00ebrit na m\u00ebsonin gjithmon\u00eb t\u00eb respektonim natyr\u00ebn, ta l\u00ebm\u00eb ashtu si\u00e7 e gjet\u00ebm&#8221;, thot\u00eb ajo. Kjo dashuri e hershme p\u00ebr natyr\u00ebn, megjith\u00ebse at\u00ebher\u00eb pa njohurit\u00eb p\u00ebr ndryshimet klimatike, e ka ndjekur gjat\u00eb gjith\u00eb jet\u00ebs.<\/p>\n\n\n\n<p>Puna e saj n\u00eb fush\u00ebn e t\u00eb drejtave t\u00eb njeriut dhe p\u00ebrkushtimi p\u00ebr refugjat\u00ebt dhe komunitetet e margjinalizuara n\u00eb Angli e kan\u00eb ndihmuar t\u00eb kuptoj\u00eb lidhjen e ngusht\u00eb mes ndryshimeve klimatike dhe migrimit t\u00eb njer\u00ebzve.<\/p>\n\n\n\n<p>&#8220;Ndryshimet klimatike zhvendosin m\u00eb shum\u00eb njer\u00ebz sesa luft\u00ebrat&#8221;, thot\u00eb ajo, q\u00eb kur kishte ikur nga Kosova, ishte ndjer\u00eb sikur e d\u00ebshtuar duke l\u00ebn\u00eb mbrapa nj\u00eb vend me luft\u00eb.<\/p>\n\n\n\n<p>Mir\u00ebpo kthimi n\u00eb vend gjithmon\u00eb ka qen\u00eb aty, n\u00eb nj\u00eb xhep t\u00eb mendjes s\u00eb saj. K\u00ebshtu pas disa aktiviteteve me t\u00eb rinjt\u00eb e Pej\u00ebs, ajo themeloi organizat\u00ebn Sustainability Leadership Kosova (SLK) n\u00eb vitin 2018, duke nisur nj\u00eb rrug\u00ebtim t\u00eb ri p\u00ebr t\u00eb mb\u00ebshtetur t\u00eb rinjt\u00eb dhe p\u00ebr t\u00eb adresuar sfidat klimatike n\u00eb Kosov\u00eb. Projekt pas projekti, duke aplikuar nj\u00eb qasje kreative n\u00eb aktiviz\u00ebm, kishte nisur bashk\u00eb me ekipin e saj t\u00eb punojn\u00eb p\u00ebr t\u00eb luftuar shpyll\u00ebzimin.<\/p>\n\n\n\n<p>&#8220;Mes viteve 2000 dhe 2022, Kosova humbi gati 16 mij\u00eb hektar\u00eb pyje. Me ekipin tim dhe teknologji atraktive, filluam nj\u00eb fushat\u00eb krijuese kund\u00ebr shpyll\u00ebzimit. E quajt\u00ebm \u2018Mos e Merr Malin\u2019 dhe tani \u00ebsht\u00eb nj\u00eb platform\u00eb q\u00eb nd\u00ebrgjegj\u00ebson dhe aktivizon komunitetet&#8221;, thot\u00eb ajo, q\u00eb p\u00ebrmend nj\u00eb moment kur Faruk Foniqit, kolegut t\u00eb saj i kishte th\u00ebn\u00eb q\u00eb n\u00eb fund t\u00eb projektit do t\u00eb mbjellin pyjet me dron.<\/p>\n\n\n\n<p>\u201cAiii Indire larg \u00ebsht\u00eb ajo prej neve\u201d, i kishte th\u00ebn\u00eb Faruku, q\u00eb sot bashk\u00eb me Indir\u00ebn, po b\u00ebjn\u00eb gati 50,000 toptha me rreth 800,000 fara t\u00eb bim\u00ebve t\u00eb ndryshme q\u00eb po i hedhin me dron n\u00ebp\u00ebr hap\u00ebsira t\u00eb shpyll\u00ebzuara. Kat\u00ebr vjet pun\u00eb e pandalshme n\u00eb k\u00ebt\u00eb projekt sot i jep nj\u00eb ndenj\u00eb t\u00eb pap\u00ebrshkrueshme Indir\u00ebs, pasi pritja ka qen\u00eb e v\u00ebshtir\u00eb.<\/p>\n\n\n\n<p>E hasur n\u00eb sfida, sidomos me skepticizmin fillestar t\u00eb disa njer\u00ebzve n\u00eb Kosov\u00eb. &#8220;Kam kuptuar se nuk mund t\u00eb vij me nj\u00eb mend\u00ebsi per\u00ebndimore, por si kosovare q\u00eb ndan t\u00eb nj\u00ebjtat probleme me ta&#8221;, thot\u00eb ajo. Megjithat\u00eb, mb\u00ebshtetja q\u00eb ka marr\u00eb nga t\u00eb rinjt\u00eb e ka mbushur me optimiz\u00ebm.<\/p>\n\n\n\n<p>&#8220;Ata thjesht jan\u00eb pjes\u00eb e zgjidhjes dhe jep shpres\u00eb p\u00ebr t\u00eb ardhmen, reagimet jan\u00eb shum\u00eb t\u00eb mira. Un\u00eb personalisht \u00e7do dit\u00eb kam qen\u00eb e emocionuar. Kemi pas\u00eb thirrje dhe vullnetar\u00eb prej gjithkah, jo vet\u00ebm rini, por edhe sektori privat q\u00eb i sillte pun\u00ebtor\u00ebt me punu me neve&#8221;, thot\u00eb ajo, q\u00eb rrug\u00ebn Lond\u00ebr-Prishtin\u00eb e ka b\u00ebr\u00eb t\u00eb shpesht\u00eb tashm\u00eb.<\/p>\n\n\n\n<p>M\u00eb t\u00eb shpesht\u00eb po e b\u00ebn edhe p\u00ebrshtypja se ka nisur ndryshimi n\u00eb mend\u00ebsi p\u00ebr t\u2019ju bashkuar luft\u00ebs p\u00ebr t\u00eb ndalur hovin e shpyll\u00ebzimit, e q\u00eb kontribuon direkt n\u00eb lirimin m\u00eb t\u00eb madh t\u00eb karbonit, pasi me munges\u00ebn e pyjeve, karbonin s\u2019ka kush e thith\u00eb.<\/p>\n\n\n\n<p><strong>E vetmja grua q\u00eb udh\u00ebheq kompani t\u00eb energjis\u00eb s\u00eb rip\u00ebrt\u00ebritshme<\/strong><\/p>\n\n\n\n<p>Karboni m\u00eb s\u00eb shumti n\u00eb vendin ton\u00eb lirohet nga termocentralet Kosova A dhe Kosova B. K\u00ebto termocentrale mund t\u00eb z\u00ebvend\u00ebsohen me prodhimin e energjis\u00eb nga burimet e rip\u00ebrt\u00ebritshme.<br>N\u00eb Kosov\u00eb tashm\u00eb ka nj\u00eb num\u00ebr t\u00eb madh t\u00eb kompanive q\u00eb dizajnojn\u00eb dhe implementojn\u00eb projekte t\u00eb tilla, por q\u00eb \u00ebsht\u00eb nj\u00eb industri e dominuar nga burrat. Megjithat\u00eb, \u00ebsht\u00eb nj\u00eb dhe e vetme, Gentiana Alija Shala q\u00ebndron si nj\u00eb shembull frym\u00ebzues n\u00eb Kosov\u00eb me kompanin\u00eb e saj \u201cAlfa Solar Energy\u201d. Ajo ka nd\u00ebrtuar nj\u00eb karrier\u00eb q\u00eb \u00ebsht\u00eb m\u00eb shum\u00eb sesa nj\u00eb arritje personale, \u00ebsht\u00eb shnd\u00ebrruar n\u00eb nj\u00eb person q\u00eb pothuajse t\u00eb gjitha inxhinier\u00ebt e reja e pyesin p\u00ebr t\u00eb kryer praktik\u00ebn t\u00eb kompania e saj.<\/p>\n\n\n\n<figure class=\"wp-block-image size-large is-resized\"><img loading=\"lazy\" decoding=\"async\" width=\"1024\" height=\"1024\" src=\"https:\/\/qika.org\/wp-content\/uploads\/2025\/01\/Gentiana_AlijaShala-1-1024x1024.jpg\" alt=\"\" class=\"wp-image-10506\" style=\"width:811px;height:auto\" srcset=\"https:\/\/qika.org\/wp-content\/uploads\/2025\/01\/Gentiana_AlijaShala-1-1024x1024.jpg 1024w, https:\/\/qika.org\/wp-content\/uploads\/2025\/01\/Gentiana_AlijaShala-1-300x300.jpg 300w, https:\/\/qika.org\/wp-content\/uploads\/2025\/01\/Gentiana_AlijaShala-1-150x150.jpg 150w, https:\/\/qika.org\/wp-content\/uploads\/2025\/01\/Gentiana_AlijaShala-1-768x768.jpg 768w, https:\/\/qika.org\/wp-content\/uploads\/2025\/01\/Gentiana_AlijaShala-1.jpg 1200w\" sizes=\"auto, (max-width: 1024px) 100vw, 1024px\" \/><\/figure>\n\n\n\n<p><em>Foto: Gentiana Alija Shala <\/em><\/p>\n\n\n\n<p>Gentiana nuk \u00ebnd\u00ebrronte t\u00eb b\u00ebhej inxhiniere. Synimi i saj ishte mjek\u00ebsia, por nj\u00eb kthes\u00eb e papritur e \u00e7oi drejt nj\u00eb udhe tjet\u00ebr.<\/p>\n\n\n\n<p>&#8220;Nuk u pranova n\u00eb fakultetin e mjek\u00ebsis\u00eb dhe pa shum\u00eb mendim, e pash\u00eb Fakultetin Teknik duke u kthy rrug\u00ebs, shkova e pash\u00eb ku ka m\u00eb shum\u00eb vende t\u00eb lira p\u00ebr student\u00eb dhe aplikova n\u00eb deg\u00ebn e elektroenergjetik\u00ebs industriale. Ishte nj\u00eb zgjedhje e rast\u00ebsishme, por u b\u00eb fillimi i nj\u00eb udh\u00ebtimi q\u00eb nuk e kisha imagjinuar&#8221;, thot\u00eb ajo.<\/p>\n\n\n\n<p>Pavar\u00ebsisht nga sfidat fillestare dhe mosp\u00ebrgatitja n\u00eb matematik\u00eb dhe fizik\u00eb, ajo nuk u dor\u00ebzua.<\/p>\n\n\n\n<p>\u201cBabai m\u00eb tha se nuk di matematik\u00eb dhe fizik\u00eb, por iu p\u00ebrgjigja se do t\u2019i m\u00ebsoj. Ai m\u00eb angazhoi kurs privat dhe arrita t\u00eb pranohem\u201d, tregon ajo.<\/p>\n\n\n\n<p>P\u00ebrkushtimi i saj p\u00ebr energjin\u00eb e rip\u00ebrt\u00ebritshme lindi n\u00eb m\u00ebnyr\u00eb po aq spontane sa dhe zgjedhja e studimeve. Nj\u00eb bised\u00eb rast\u00ebsore me nj\u00eb koleg e frym\u00ebzoi t\u00eb hulumtoj\u00eb fuqin\u00eb e energjis\u00eb solare.<\/p>\n\n\n\n<p>\u201cN\u00eb Kosov\u00eb ka nj\u00eb potencial t\u00eb jasht\u00ebzakonsh\u00ebm p\u00ebr energjin\u00eb e rip\u00ebrt\u00ebritshme. Nuk kemi ku t\u00eb shkojm\u00eb tjet\u00ebr, \u00ebsht\u00eb e ardhmja, shihe ajrin si e kemi tash dimrit\u201d, thot\u00eb Alija-Shala.<\/p>\n\n\n\n<p>Pas diplomimit, ajo nisi praktik\u00ebn n\u00eb nj\u00eb kompani vendore. M\u00eb pas ambiciet n\u00eb rritje e shtyn\u00eb at\u00eb q\u00eb t\u00eb themelonte kompanin\u00eb e saj s\u00eb bashku me nj\u00eb pun\u00ebdh\u00ebn\u00ebs t\u00eb m\u00ebparsh\u00ebm n\u00eb industri tjet\u00ebr.<\/p>\n\n\n\n<p>\u201cUn\u00eb pata punuar n\u00eb industri t\u00eb IT-s\u00eb. E thirra ish-shefin edhe i thash, ti i ke paret, un\u00eb di \u00e7ka me ba, hajde t\u2019ia nisim\u201d, k\u00ebshtu nisi gjith\u00e7ka n\u00eb vitin 2020.<\/p>\n\n\n\n<p>&#8220;Gjithmon\u00eb kam dashur t\u00eb jem pjes\u00eb e nj\u00eb ndryshimi m\u00eb t\u00eb madh. Kur p\u00ebrballesh me ndryshimet klimatike, nuk ke luksin t\u00eb pres\u00ebsh&#8221;, thot\u00eb ajo.<\/p>\n\n\n\n<p>P\u00ebrmes projekteve t\u00eb saj, Gentiana ndihmon n\u00eb zvog\u00eblimin e ndotjes dhe promovimin e burimeve t\u00eb q\u00ebndrueshme t\u00eb energjis\u00eb. K\u00ebshtu u rrit kompania fillimisht te projektet e vogla n\u00eb sektorin e bujq\u00ebsis\u00eb. K\u00ebshtu hap pas hapi, Gentiana me nj\u00eb karakter shp\u00ebrthyes dhe asnj\u00ebher\u00eb e mjaftueshme p\u00ebr at\u00eb q\u00eb ka arritur, arriti tregun nd\u00ebrkomb\u00ebtar.<\/p>\n\n\n\n<p>\u201cKam hy n\u00eb LinkedIn edhe ju kam shkru gjith\u00eb CEO-ve (udh\u00ebheq\u00ebsve) t\u00eb kompanive n\u00eb Gjermani. Tri p\u00ebrgjigje i kam marr dhe me t\u00eb tri ato kompani vazhdoj t\u00eb punoj n\u00eb gjith\u00eb Evrop\u00ebn\u201d, thot\u00eb ajo, teksa qeshet dhe thot\u00eb se t\u00eb qenit grua nuk e ka ndaluar n\u00eb asnj\u00eb hap. Ajo madje thot\u00eb se komuniteti i industris\u00eb s\u00eb kompanive t\u00eb energjis\u00eb q\u00eb punojn\u00eb n\u00eb energjin\u00eb e rip\u00ebrt\u00ebritshme, e kishin pritur shum\u00eb mir\u00eb.<\/p>\n\n\n\n<p>\u201cN\u00eb Kosov\u00eb, p\u00ebrkrahja ka qen\u00eb e jasht\u00ebzakonshme. Kam pasur koleg\u00eb q\u00eb gjithmon\u00eb m\u00eb kan\u00eb ndihmuar kur kam pasur nevoj\u00eb,\u201d thot\u00eb ajo, q\u00eb e gjen veten shpesh duke sh\u00ebrbyer si nj\u00eb z\u00eb frym\u00ebzues p\u00ebr grat\u00eb e tjera q\u00eb d\u00ebshirojn\u00eb t\u00eb ndjekin k\u00ebt\u00eb rrug\u00eb. Profesionalizmi i saj kalon kufijt\u00eb, ngaq\u00eb Gentiana n\u00eb vitin 2024 \u00ebsht\u00eb zgjedhur n\u00eb 100 grat\u00eb m\u00eb t\u00eb suksesshme n\u00eb bot\u00eb n\u00eb fush\u00ebn e energjis\u00eb s\u00eb rip\u00ebrt\u00ebritshme.<\/p>\n\n\n\n<p>N\u00eb p\u00ebrballje me kriz\u00ebn klimatike, edhe Gentiana ka p\u00ebrshtypjen se vendosm\u00ebria dhe vizioni i gruas din t\u00eb lul\u00ebzoj\u00eb sukses t\u00eb sigurt\u00eb.<\/p>\n\n\n\n<p>\u201cUn\u00eb besoj se grat\u00eb kan\u00eb potencial t\u00eb jasht\u00ebzakonsh\u00ebm p\u00ebr t\u00eb udh\u00ebhequr ndryshime pozitive n\u00eb \u00e7do sektor. Kam d\u00ebshir\u00eb t\u00eb shoh m\u00eb shum\u00eb gra n\u00eb k\u00ebt\u00eb industri, sepse energjia e rip\u00ebrt\u00ebritshme nuk \u00ebsht\u00eb vet\u00ebm teknologji, \u00ebsht\u00eb e ardhmja jon\u00eb,\u201d p\u00ebrfundon ajo.<\/p>\n\n\n\n<p>Megjith\u00ebse pun\u00ebt n\u00eb Kosov\u00eb i ka me kapacitet jo shum\u00eb t\u00eb madh, krahasuar me ato jasht\u00eb vendit, ajo d\u00ebshir\u00ebn nuk e fsheh q\u00eb Kosova duhet t\u00eb hap\u00eb dyert edhe m\u00eb shum\u00eb p\u00ebr projekte t\u00eb m\u00ebdha, si zgjidhje p\u00ebr t\u00eb hequr dor\u00eb nga karboni.<\/p>\n\n\n\n<p><strong>___________________________________________________________<\/strong><\/p>\n\n\n\n<p>Ky artikull mb\u00ebshtetet nga qeveria gjermane dhe zbatohet p\u00ebrmes Deutsche Gesellschaft f\u00fcr Internationale Zusammenarbeit (GIZ) GmbH n\u00eb kuad\u00ebr t\u00eb Forumit Nd\u00ebrkomb\u00ebtar p\u00ebr Grat\u00eb, Paqen dhe Sigurin\u00eb 2024 \u2013 \u201cSkema e Mb\u00ebshtetjes s\u00eb Shoq\u00ebris\u00eb Civile (CSS)\u201d organizuar nga Zyra e President\u00ebs s\u00eb Republik\u00ebs s\u00eb Kosov\u00ebs. Pik\u00ebpamjet dhe mendimet e shprehura n\u00eb k\u00ebt\u00eb artikull jan\u00eb t\u00eb autorit. Ato nuk synojn\u00eb t\u00eb pasqyrojn\u00eb opinionet apo pik\u00ebpamjet e GIZ-it dhe Zyr\u00ebs s\u00eb President\u00ebs s\u00eb Republik\u00ebs s\u00eb Kosov\u00ebs.<\/p>\n","protected":false},"featured_media":10500,"template":"","class_list":["post-10499","thelle-post","type-thelle-post","status-publish","has-post-thumbnail","hentry"],"acf":[],"yoast_head":"<!-- This site is optimized with the Yoast SEO plugin v23.5 - https:\/\/yoast.com\/wordpress\/plugins\/seo\/ -->\n<title>Grat\u00eb q\u00eb po udh\u00ebheqin luft\u00ebn kund\u00ebr ndryshimeve klimatike n\u00eb Kosov\u00eb - QIKA<\/title>\n<meta name=\"robots\" content=\"index, follow, max-snippet:-1, max-image-preview:large, max-video-preview:-1\" \/>\n<link rel=\"canonical\" href=\"https:\/\/qika.org\/thelle-post\/grate-qe-po-udheheqin-luften-kunder-ndryshimeve-klimatike-ne-kosove\/\" \/>\n<meta property=\"og:locale\" content=\"en_US\" \/>\n<meta property=\"og:type\" content=\"article\" \/>\n<meta property=\"og:title\" content=\"Grat\u00eb q\u00eb po udh\u00ebheqin luft\u00ebn kund\u00ebr ndryshimeve klimatike n\u00eb Kosov\u00eb - QIKA\" \/>\n<meta property=\"og:description\" content=\"P\u00ebrball\u00eb ndikimeve t\u00eb ndryshimeve klimatike n\u00eb Kosov\u00eb, disa gra kan\u00eb dal\u00eb n\u00eb krye t\u00eb betej\u00ebs p\u00ebr nj\u00eb t\u00eb ardhme m\u00eb t\u00eb q\u00ebndrueshme dhe p\u00ebr mjedis m\u00eb t\u00eb past\u00ebr. Me pun\u00ebn e tyre n\u00eb energjin\u00eb e rip\u00ebrt\u00ebritshme, mbrojtjen e natyr\u00ebs dhe ripyll\u00ebzimin e kodrave dhe fushave, k\u00ebto gra jan\u00eb duke ndihmuar n\u00eb ndryshimin e perceptimeve duke [&hellip;]\" \/>\n<meta property=\"og:url\" content=\"https:\/\/qika.org\/thelle-post\/grate-qe-po-udheheqin-luften-kunder-ndryshimeve-klimatike-ne-kosove\/\" \/>\n<meta property=\"og:site_name\" content=\"QIKA\" \/>\n<meta property=\"article:modified_time\" content=\"2025-01-16T10:42:23+00:00\" \/>\n<meta property=\"og:image\" content=\"https:\/\/qika.org\/wp-content\/uploads\/2025\/01\/Copy-of-Vetem-ne-nje-vend-te-Evropes-grate-paguhen-me-shume-se-burrat-1024x577.png\" \/>\n\t<meta property=\"og:image:width\" content=\"1024\" \/>\n\t<meta property=\"og:image:height\" content=\"577\" \/>\n\t<meta property=\"og:image:type\" content=\"image\/png\" \/>\n<meta name=\"twitter:card\" content=\"summary_large_image\" \/>\n<meta name=\"twitter:label1\" content=\"Est. reading time\" \/>\n\t<meta name=\"twitter:data1\" content=\"16 minutes\" \/>\n<script type=\"application\/ld+json\" class=\"yoast-schema-graph\">{\"@context\":\"https:\/\/schema.org\",\"@graph\":[{\"@type\":\"WebPage\",\"@id\":\"https:\/\/qika.org\/thelle-post\/grate-qe-po-udheheqin-luften-kunder-ndryshimeve-klimatike-ne-kosove\/\",\"url\":\"https:\/\/qika.org\/thelle-post\/grate-qe-po-udheheqin-luften-kunder-ndryshimeve-klimatike-ne-kosove\/\",\"name\":\"Grat\u00eb q\u00eb po udh\u00ebheqin luft\u00ebn kund\u00ebr ndryshimeve klimatike n\u00eb Kosov\u00eb - QIKA\",\"isPartOf\":{\"@id\":\"https:\/\/qika.org\/#website\"},\"primaryImageOfPage\":{\"@id\":\"https:\/\/qika.org\/thelle-post\/grate-qe-po-udheheqin-luften-kunder-ndryshimeve-klimatike-ne-kosove\/#primaryimage\"},\"image\":{\"@id\":\"https:\/\/qika.org\/thelle-post\/grate-qe-po-udheheqin-luften-kunder-ndryshimeve-klimatike-ne-kosove\/#primaryimage\"},\"thumbnailUrl\":\"https:\/\/qika.org\/wp-content\/uploads\/2025\/01\/Copy-of-Vetem-ne-nje-vend-te-Evropes-grate-paguhen-me-shume-se-burrat.png\",\"datePublished\":\"2025-01-16T10:19:31+00:00\",\"dateModified\":\"2025-01-16T10:42:23+00:00\",\"breadcrumb\":{\"@id\":\"https:\/\/qika.org\/thelle-post\/grate-qe-po-udheheqin-luften-kunder-ndryshimeve-klimatike-ne-kosove\/#breadcrumb\"},\"inLanguage\":\"en-US\",\"potentialAction\":[{\"@type\":\"ReadAction\",\"target\":[\"https:\/\/qika.org\/thelle-post\/grate-qe-po-udheheqin-luften-kunder-ndryshimeve-klimatike-ne-kosove\/\"]}]},{\"@type\":\"ImageObject\",\"inLanguage\":\"en-US\",\"@id\":\"https:\/\/qika.org\/thelle-post\/grate-qe-po-udheheqin-luften-kunder-ndryshimeve-klimatike-ne-kosove\/#primaryimage\",\"url\":\"https:\/\/qika.org\/wp-content\/uploads\/2025\/01\/Copy-of-Vetem-ne-nje-vend-te-Evropes-grate-paguhen-me-shume-se-burrat.png\",\"contentUrl\":\"https:\/\/qika.org\/wp-content\/uploads\/2025\/01\/Copy-of-Vetem-ne-nje-vend-te-Evropes-grate-paguhen-me-shume-se-burrat.png\",\"width\":1640,\"height\":924},{\"@type\":\"BreadcrumbList\",\"@id\":\"https:\/\/qika.org\/thelle-post\/grate-qe-po-udheheqin-luften-kunder-ndryshimeve-klimatike-ne-kosove\/#breadcrumb\",\"itemListElement\":[{\"@type\":\"ListItem\",\"position\":1,\"name\":\"Home\",\"item\":\"https:\/\/qika.org\/en\/\"},{\"@type\":\"ListItem\",\"position\":2,\"name\":\"Grat\u00eb q\u00eb po udh\u00ebheqin luft\u00ebn kund\u00ebr ndryshimeve klimatike n\u00eb Kosov\u00eb\"}]},{\"@type\":\"WebSite\",\"@id\":\"https:\/\/qika.org\/#website\",\"url\":\"https:\/\/qika.org\/\",\"name\":\"QIKA\",\"description\":\"Qendra p\u00ebr Informim, Kritik\u00eb dhe Aksion\",\"potentialAction\":[{\"@type\":\"SearchAction\",\"target\":{\"@type\":\"EntryPoint\",\"urlTemplate\":\"https:\/\/qika.org\/?s={search_term_string}\"},\"query-input\":{\"@type\":\"PropertyValueSpecification\",\"valueRequired\":true,\"valueName\":\"search_term_string\"}}],\"inLanguage\":\"en-US\"}]}<\/script>\n<!-- \/ Yoast SEO plugin. -->","yoast_head_json":{"title":"Grat\u00eb q\u00eb po udh\u00ebheqin luft\u00ebn kund\u00ebr ndryshimeve klimatike n\u00eb Kosov\u00eb - QIKA","robots":{"index":"index","follow":"follow","max-snippet":"max-snippet:-1","max-image-preview":"max-image-preview:large","max-video-preview":"max-video-preview:-1"},"canonical":"https:\/\/qika.org\/thelle-post\/grate-qe-po-udheheqin-luften-kunder-ndryshimeve-klimatike-ne-kosove\/","og_locale":"en_US","og_type":"article","og_title":"Grat\u00eb q\u00eb po udh\u00ebheqin luft\u00ebn kund\u00ebr ndryshimeve klimatike n\u00eb Kosov\u00eb - QIKA","og_description":"P\u00ebrball\u00eb ndikimeve t\u00eb ndryshimeve klimatike n\u00eb Kosov\u00eb, disa gra kan\u00eb dal\u00eb n\u00eb krye t\u00eb betej\u00ebs p\u00ebr nj\u00eb t\u00eb ardhme m\u00eb t\u00eb q\u00ebndrueshme dhe p\u00ebr mjedis m\u00eb t\u00eb past\u00ebr. Me pun\u00ebn e tyre n\u00eb energjin\u00eb e rip\u00ebrt\u00ebritshme, mbrojtjen e natyr\u00ebs dhe ripyll\u00ebzimin e kodrave dhe fushave, k\u00ebto gra jan\u00eb duke ndihmuar n\u00eb ndryshimin e perceptimeve duke [&hellip;]","og_url":"https:\/\/qika.org\/thelle-post\/grate-qe-po-udheheqin-luften-kunder-ndryshimeve-klimatike-ne-kosove\/","og_site_name":"QIKA","article_modified_time":"2025-01-16T10:42:23+00:00","og_image":[{"width":1024,"height":577,"url":"https:\/\/qika.org\/wp-content\/uploads\/2025\/01\/Copy-of-Vetem-ne-nje-vend-te-Evropes-grate-paguhen-me-shume-se-burrat-1024x577.png","type":"image\/png"}],"twitter_card":"summary_large_image","twitter_misc":{"Est. reading time":"16 minutes"},"schema":{"@context":"https:\/\/schema.org","@graph":[{"@type":"WebPage","@id":"https:\/\/qika.org\/thelle-post\/grate-qe-po-udheheqin-luften-kunder-ndryshimeve-klimatike-ne-kosove\/","url":"https:\/\/qika.org\/thelle-post\/grate-qe-po-udheheqin-luften-kunder-ndryshimeve-klimatike-ne-kosove\/","name":"Grat\u00eb q\u00eb po udh\u00ebheqin luft\u00ebn kund\u00ebr ndryshimeve klimatike n\u00eb Kosov\u00eb - QIKA","isPartOf":{"@id":"https:\/\/qika.org\/#website"},"primaryImageOfPage":{"@id":"https:\/\/qika.org\/thelle-post\/grate-qe-po-udheheqin-luften-kunder-ndryshimeve-klimatike-ne-kosove\/#primaryimage"},"image":{"@id":"https:\/\/qika.org\/thelle-post\/grate-qe-po-udheheqin-luften-kunder-ndryshimeve-klimatike-ne-kosove\/#primaryimage"},"thumbnailUrl":"https:\/\/qika.org\/wp-content\/uploads\/2025\/01\/Copy-of-Vetem-ne-nje-vend-te-Evropes-grate-paguhen-me-shume-se-burrat.png","datePublished":"2025-01-16T10:19:31+00:00","dateModified":"2025-01-16T10:42:23+00:00","breadcrumb":{"@id":"https:\/\/qika.org\/thelle-post\/grate-qe-po-udheheqin-luften-kunder-ndryshimeve-klimatike-ne-kosove\/#breadcrumb"},"inLanguage":"en-US","potentialAction":[{"@type":"ReadAction","target":["https:\/\/qika.org\/thelle-post\/grate-qe-po-udheheqin-luften-kunder-ndryshimeve-klimatike-ne-kosove\/"]}]},{"@type":"ImageObject","inLanguage":"en-US","@id":"https:\/\/qika.org\/thelle-post\/grate-qe-po-udheheqin-luften-kunder-ndryshimeve-klimatike-ne-kosove\/#primaryimage","url":"https:\/\/qika.org\/wp-content\/uploads\/2025\/01\/Copy-of-Vetem-ne-nje-vend-te-Evropes-grate-paguhen-me-shume-se-burrat.png","contentUrl":"https:\/\/qika.org\/wp-content\/uploads\/2025\/01\/Copy-of-Vetem-ne-nje-vend-te-Evropes-grate-paguhen-me-shume-se-burrat.png","width":1640,"height":924},{"@type":"BreadcrumbList","@id":"https:\/\/qika.org\/thelle-post\/grate-qe-po-udheheqin-luften-kunder-ndryshimeve-klimatike-ne-kosove\/#breadcrumb","itemListElement":[{"@type":"ListItem","position":1,"name":"Home","item":"https:\/\/qika.org\/en\/"},{"@type":"ListItem","position":2,"name":"Grat\u00eb q\u00eb po udh\u00ebheqin luft\u00ebn kund\u00ebr ndryshimeve klimatike n\u00eb Kosov\u00eb"}]},{"@type":"WebSite","@id":"https:\/\/qika.org\/#website","url":"https:\/\/qika.org\/","name":"QIKA","description":"Qendra p\u00ebr Informim, Kritik\u00eb dhe Aksion","potentialAction":[{"@type":"SearchAction","target":{"@type":"EntryPoint","urlTemplate":"https:\/\/qika.org\/?s={search_term_string}"},"query-input":{"@type":"PropertyValueSpecification","valueRequired":true,"valueName":"search_term_string"}}],"inLanguage":"en-US"}]}},"_links":{"self":[{"href":"https:\/\/qika.org\/en\/wp-json\/wp\/v2\/thelle-post\/10499","targetHints":{"allow":["GET"]}}],"collection":[{"href":"https:\/\/qika.org\/en\/wp-json\/wp\/v2\/thelle-post"}],"about":[{"href":"https:\/\/qika.org\/en\/wp-json\/wp\/v2\/types\/thelle-post"}],"wp:featuredmedia":[{"embeddable":true,"href":"https:\/\/qika.org\/en\/wp-json\/wp\/v2\/media\/10500"}],"wp:attachment":[{"href":"https:\/\/qika.org\/en\/wp-json\/wp\/v2\/media?parent=10499"}],"curies":[{"name":"wp","href":"https:\/\/api.w.org\/{rel}","templated":true}]}}